{"id":278,"date":"2016-06-07T09:00:02","date_gmt":"2016-06-07T13:00:02","guid":{"rendered":"http:\/\/atlanticsalmon.wpengine.com\/?p=278"},"modified":"2016-08-31T10:57:48","modified_gmt":"2016-08-31T14:57:48","slug":"volunteer-profile-denis-guitard","status":"publish","type":"post","link":"https:\/\/www.salmonconservation.ca\/fr\/volunteer-profile-denis-guitard\/","title":{"rendered":"Profil d\u2019un b\u00e9n\u00e9vole &#8211; Denis Guitard"},"content":{"rendered":"<p>Nous sommes heureux de vous pr\u00e9senter Denis Guitard, membre du Comit\u00e9 consultatif du Nouveau-Brunswick.<\/p>\n<p>M. Guitard est originaire de Petit-Rocher, un petit village sur la baie des Chaleurs pr\u00e8s de Bathurst. Sa charmante \u00e9pouse Nathalie est technicienne en radiologie. Le couple a deux enfants qui fr\u00e9quentent le coll\u00e8ge, Pierre-Luc (22) et St\u00e9phanie (20).<\/p>\n<p>M. Guitard dit qu\u2019il a toujours aim\u00e9 le plein air, et ses principaux passe-temps sont la chasse, le pi\u00e9geage, le canotage et la p\u00eache.<\/p>\n<p>\u00ab\u00a0Je savais d\u00e9j\u00e0 ce que je voulais faire lorsque j\u2019ai obtenu mon dipl\u00f4me d\u2019\u00e9tudes secondaires. Je voulais travailler dans le secteur de la foresterie et de la faune, dit-il. Alors, j\u2019ai suivi un cours de deux ans en technologie de l\u2019environnement au Coll\u00e8ge communautaire de Bathurst et je me suis sp\u00e9cialis\u00e9 dans le domaine de la p\u00eache et de la faune.\u00a0\u00bb<\/p>\n<p>\u00ab\u00a0Apr\u00e8s ma premi\u00e8re ann\u00e9e coll\u00e9giale, j\u2019ai d\u00e9croch\u00e9 un emploi d\u2019\u00e9t\u00e9 pour \u00e9tudiants \u00e0 l\u2019Association du saumon de la Nepisiguit. Le travail consistait \u00e0 enlever un barrage de castor dans le ruisseau Gordon Meadow, un tributaire de la Nepisiguit. Cette activit\u00e9 avait pour but d\u2019aider le saumon \u00e0 se rendre \u00e0 ses fray\u00e8res. J\u2019ai tellement aim\u00e9 ce travail qu\u2019apr\u00e8s l\u2019obtention de mon dipl\u00f4me, je suis retourn\u00e9 \u00e0 l\u2019Association du saumon de la Nepisiguit. Cette fois cependant, c\u2019\u00e9tait comme chef d\u2019\u00e9quipe responsable d\u2019un groupe d\u2019\u00e9tudiants pour l\u2019\u00e9lectro-p\u00eache, le d\u00e9nombrement de poissons, et des travaux d\u2019am\u00e9lioration le long de la rivi\u00e8re Nepisiguit et de ses tributaires. J\u2019y ai travaill\u00e9 pendant trois ans jusqu\u2019\u00e0 ce que j\u2019apprenne qu\u2019il y avait un poste vacant de gardien de la faune au minist\u00e8re des Ressources naturelles, \u00e0 Bathurst.\u00a0\u00bb<\/p>\n<p>M. Guitard a obtenu l\u2019emploi et est entr\u00e9 en fonctions en juillet 1988.<\/p>\n<p>\u00ab\u00a0Je faisais surtout des travaux d\u2019application des lois dans les rivi\u00e8res afin de prot\u00e9ger le saumon et aussi en for\u00eat, pour emp\u00eacher la p\u00eache ill\u00e9gale, lutter contre les incendies de for\u00eat et travailler en gestion de la faune, un travail que j\u2019ai toujours pr\u00e9f\u00e9r\u00e9. En 1994, j\u2019ai d\u00e9cid\u00e9 de retourner au coll\u00e8ge afin de suivre un cours de garde-forestier \u00e0 la Maritime Forest Ranger School. Maintenant, je suis technicien de la p\u00eache et de la faune pour la r\u00e9gion 1. Je fais le travail que j\u2019ai toujours voulu faire et j\u2019adore encore \u00e7a!\u00a0\u00bb<\/p>\n<p>M. Guitard est aussi pr\u00e9sident de la Bathurst Fur Harvesters Association et coordonnateur r\u00e9gional pour le programme de formation des trappeurs. Il exploite une pourvoirie et est guide pour la chasse \u00e0 l\u2019ours noir et pour la p\u00eache au saumon.<\/p>\n<p>M. Guitard participe aux activit\u00e9s de la FCSA depuis environ deux ans. Il dit avoir commenc\u00e9 \u00e0 s\u2019engager au d\u00e9but parce qu\u2019il \u00e9tait passionn\u00e9 de la p\u00eache au saumon.<\/p>\n<p>\u00ab\u00a0J\u2019avais seulement 12 ans lorsque j\u2019ai pris mon premier saumon, et je suis imm\u00e9diatement devenu un mordu de la p\u00eache au saumon. Je reconnais que nous avons d\u2019\u00e9normes d\u00e9fis \u00e0 relever pour maintenir nos populations de saumon si nous voulons pouvoir continuer de faire ce que nous aimons le plus. Mes fonctions consistent en partie \u00e0 travailler avec les diff\u00e9rents groupes de bassins versants, les associations de p\u00eache et les Premi\u00e8res nations de notre r\u00e9gion. Je connais l\u2019importance de ces groupes et j\u2019estime que mon engagement au sein de la FCSA peut les aider davantage.\u00a0\u00bb<\/p>\n<p>M. Guitard dit qu\u2019il continue de s\u2019engager au sein de la FCSA, car \u00e0 son avis, elle peut r\u00e9ellement aider les organismes communautaires. Cet organisme leur fournit le soutien financier dont ils ont besoin pour poursuivre leurs projets d\u2019am\u00e9lioration du saumon et aider les populations de saumon \u00e0 retrouver leur \u00e9tat pr\u00e9c\u00e9dent.<\/p>\n<p>\u00ab\u00a0Je participe directement au sein de la FCSA depuis les deux derni\u00e8res ann\u00e9es seulement, mais j\u2019ai reconnu imm\u00e9diatement que cet organisme est g\u00e9r\u00e9 de fa\u00e7on professionnelle. La qualit\u00e9 et l\u2019expertise des membres sont tr\u00e8s impressionnantes. La lecture et l\u2019\u00e9valuation des nombreux projets soumis exigent beaucoup de temps, mais c\u2019est encourageant et gratifiant de voir les travaux qui sont effectu\u00e9s sur le terrain. Il est agr\u00e9able de pouvoir constater et apprendre ce qui se passe au sein des groupes dans les autres parties de la province, et de pouvoir les aider\u00a0\u00bb, souligne-t-il.<\/p>\n<p>\u00ab\u00a0Je pense r\u00e9ellement que la FCSA est essentielle pour aider tous les petits groupes qui travaillent avec acharnement afin de r\u00e9aliser des projets d\u2019am\u00e9lioration du saumon dans le but de r\u00e9tablir les stocks de saumon sauvage pour le bien de nos enfants.\u00a0\u00bb<\/p>\n<hr \/>\n<p><i>Les b\u00e9n\u00e9voles sont essentiels au travail accompli par la FCSA. Chaque mois, nous pr\u00e9sentons un de nos b\u00e9n\u00e9voles exemplaires pour le remercier de tout le travail effectu\u00e9 dans le domaine de la conservation du saumon atlantique.<\/i><\/p>","protected":false},"excerpt":{"rendered":"Nous sommes heureux de vous pr\u00e9senter Denis Guitard, membre du Comit\u00e9 consultatif du Nouveau-Brunswick.","protected":false},"author":2,"featured_media":283,"comment_status":"open","ping_status":"open","sticky":false,"template":"","format":"standard","meta":{"_acf_changed":false,"_monsterinsights_skip_tracking":false,"_monsterinsights_sitenote_active":false,"_monsterinsights_sitenote_note":"","_monsterinsights_sitenote_category":0,"footnotes":"","_links_to":"","_links_to_target":""},"categories":[1],"tags":[],"class_list":["post-278","post","type-post","status-publish","format-standard","has-post-thumbnail","hentry","category-uncategorized"],"acf":[],"yoast_head":"<!-- This site is optimized with the Yoast SEO plugin v26.4 - https:\/\/yoast.com\/wordpress\/plugins\/seo\/ -->\n<title>Profil d\u2019un b\u00e9n\u00e9vole - Denis Guitard - La Fondation pour la conservation du saumon atlantique<\/title>\n<meta name=\"robots\" content=\"index, follow, max-snippet:-1, max-image-preview:large, max-video-preview:-1\" \/>\n<link rel=\"canonical\" href=\"https:\/\/www.salmonconservation.ca\/fr\/volunteer-profile-denis-guitard\/\" \/>\n<meta property=\"og:locale\" content=\"fr_FR\" \/>\n<meta property=\"og:type\" content=\"article\" \/>\n<meta property=\"og:title\" content=\"Profil d\u2019un b\u00e9n\u00e9vole - Denis Guitard - La Fondation pour la conservation du saumon atlantique\" \/>\n<meta property=\"og:description\" content=\"Nous sommes heureux de vous pr\u00e9senter Denis Guitard, membre du Comit\u00e9 consultatif du Nouveau-Brunswick.\" \/>\n<meta property=\"og:url\" content=\"https:\/\/www.salmonconservation.ca\/fr\/volunteer-profile-denis-guitard\/\" \/>\n<meta property=\"og:site_name\" content=\"La Fondation pour la conservation du saumon atlantique\" \/>\n<meta property=\"article:publisher\" content=\"https:\/\/www.facebook.com\/Atlantic-Salmon-Conservation-Foundation-121337474583089\/?fref=ts\" \/>\n<meta property=\"article:published_time\" content=\"2016-06-07T13:00:02+00:00\" \/>\n<meta property=\"article:modified_time\" content=\"2016-08-31T14:57:48+00:00\" \/>\n<meta property=\"og:image\" content=\"https:\/\/www.salmonconservation.ca\/wp-content\/uploads\/2016\/06\/denis-guitard-.jpg\" \/>\n\t<meta property=\"og:image:width\" content=\"474\" \/>\n\t<meta property=\"og:image:height\" content=\"501\" \/>\n\t<meta property=\"og:image:type\" content=\"image\/jpeg\" \/>\n<meta name=\"author\" content=\"ginger_admin\" \/>\n<meta name=\"twitter:card\" content=\"summary_large_image\" \/>\n<meta name=\"twitter:label1\" content=\"\u00c9crit par\" \/>\n\t<meta name=\"twitter:data1\" content=\"ginger_admin\" \/>\n\t<meta name=\"twitter:label2\" content=\"Dur\u00e9e de lecture estim\u00e9e\" \/>\n\t<meta name=\"twitter:data2\" content=\"8 minutes\" \/>\n<script type=\"application\/ld+json\" class=\"yoast-schema-graph\">{\"@context\":\"https:\/\/schema.org\",\"@graph\":[{\"@type\":\"WebPage\",\"@id\":\"https:\/\/www.salmonconservation.ca\/fr\/volunteer-profile-denis-guitard\/\",\"url\":\"https:\/\/www.salmonconservation.ca\/fr\/volunteer-profile-denis-guitard\/\",\"name\":\"Profil d\u2019un b\u00e9n\u00e9vole - Denis Guitard - La Fondation pour la conservation du saumon atlantique\",\"isPartOf\":{\"@id\":\"https:\/\/www.salmonconservation.ca\/fr\/#website\"},\"primaryImageOfPage\":{\"@id\":\"https:\/\/www.salmonconservation.ca\/fr\/volunteer-profile-denis-guitard\/#primaryimage\"},\"image\":{\"@id\":\"https:\/\/www.salmonconservation.ca\/volunteer-profile-denis-guitard\/#primaryimage\"},\"thumbnailUrl\":\"https:\/\/www.salmonconservation.ca\/wp-content\/uploads\/2016\/06\/denis-guitard-.jpg\",\"datePublished\":\"2016-06-07T13:00:02+00:00\",\"dateModified\":\"2016-08-31T14:57:48+00:00\",\"author\":{\"@id\":\"https:\/\/www.salmonconservation.ca\/#\/schema\/person\/a875b1fa0585884262654e33deabdd36\"},\"breadcrumb\":{\"@id\":\"https:\/\/www.salmonconservation.ca\/fr\/volunteer-profile-denis-guitard\/#breadcrumb\"},\"inLanguage\":\"fr-FR\",\"potentialAction\":[{\"@type\":\"ReadAction\",\"target\":[[\"https:\/\/www.salmonconservation.ca\/fr\/volunteer-profile-denis-guitard\/\"]]}]},{\"@type\":\"ImageObject\",\"inLanguage\":\"fr-FR\",\"@id\":\"https:\/\/www.salmonconservation.ca\/fr\/volunteer-profile-denis-guitard\/#primaryimage\",\"url\":\"https:\/\/www.salmonconservation.ca\/wp-content\/uploads\/2016\/06\/denis-guitard-.jpg\",\"contentUrl\":\"https:\/\/www.salmonconservation.ca\/wp-content\/uploads\/2016\/06\/denis-guitard-.jpg\",\"width\":474,\"height\":501},{\"@type\":\"BreadcrumbList\",\"@id\":\"https:\/\/www.salmonconservation.ca\/fr\/volunteer-profile-denis-guitard\/#breadcrumb\",\"itemListElement\":[{\"@type\":\"ListItem\",\"position\":1,\"name\":\"Home\",\"item\":\"https:\/\/www.salmonconservation.ca\/fr\/\"},{\"@type\":\"ListItem\",\"position\":2,\"name\":\"Volunteer profile \u2013 Denis Guitard\"}]},{\"@type\":\"WebSite\",\"@id\":\"https:\/\/www.salmonconservation.ca\/fr\/#website\",\"url\":\"https:\/\/www.salmonconservation.ca\/fr\/\",\"name\":\"La Fondation pour la conservation du saumon atlantique\",\"description\":\"(English) Foundation Atlantic salmon conservation\",\"potentialAction\":[{\"@type\":\"SearchAction\",\"target\":{\"@type\":\"EntryPoint\",\"urlTemplate\":\"https:\/\/www.salmonconservation.ca\/fr\/?s={search_term_string}\"},\"query-input\":{\"@type\":\"PropertyValueSpecification\",\"valueRequired\":true,\"valueName\":\"search_term_string\"}}],\"inLanguage\":\"fr-FR\"},{\"@type\":\"Person\",\"@id\":\"https:\/\/www.salmonconservation.ca\/#\/schema\/person\/a875b1fa0585884262654e33deabdd36\",\"name\":\"ginger_admin\",\"image\":{\"@type\":\"ImageObject\",\"inLanguage\":\"fr-FR\",\"@id\":\"https:\/\/www.salmonconservation.ca\/fr\/#\/schema\/person\/image\/\",\"url\":\"https:\/\/secure.gravatar.com\/avatar\/d6fc7822f71dfee632d75348413cab21ce6fbf2a4d1ea132fa4b283381e81d57?s=96&r=g\",\"contentUrl\":\"https:\/\/secure.gravatar.com\/avatar\/d6fc7822f71dfee632d75348413cab21ce6fbf2a4d1ea132fa4b283381e81d57?s=96&r=g\",\"caption\":\"ginger_admin\"},\"url\":\"https:\/\/www.salmonconservation.ca\/fr\/author\/ginger_admin\/\"}]}<\/script>\n<!-- \/ Yoast SEO plugin. -->","yoast_head_json":{"title":"Profil d\u2019un b\u00e9n\u00e9vole - Denis Guitard - La Fondation pour la conservation du saumon atlantique","robots":{"index":"index","follow":"follow","max-snippet":"max-snippet:-1","max-image-preview":"max-image-preview:large","max-video-preview":"max-video-preview:-1"},"canonical":"https:\/\/www.salmonconservation.ca\/fr\/volunteer-profile-denis-guitard\/","og_locale":"fr_FR","og_type":"article","og_title":"Profil d\u2019un b\u00e9n\u00e9vole - Denis Guitard - La Fondation pour la conservation du saumon atlantique","og_description":"Nous sommes heureux de vous pr\u00e9senter Denis Guitard, membre du Comit\u00e9 consultatif du Nouveau-Brunswick.","og_url":"https:\/\/www.salmonconservation.ca\/fr\/volunteer-profile-denis-guitard\/","og_site_name":"La Fondation pour la conservation du saumon atlantique","article_publisher":"https:\/\/www.facebook.com\/Atlantic-Salmon-Conservation-Foundation-121337474583089\/?fref=ts","article_published_time":"2016-06-07T13:00:02+00:00","article_modified_time":"2016-08-31T14:57:48+00:00","og_image":[{"width":474,"height":501,"url":"https:\/\/www.salmonconservation.ca\/wp-content\/uploads\/2016\/06\/denis-guitard-.jpg","type":"image\/jpeg"}],"author":"ginger_admin","twitter_card":"summary_large_image","twitter_misc":{"\u00c9crit par":"ginger_admin","Dur\u00e9e de lecture estim\u00e9e":"8 minutes"},"schema":{"@context":"https:\/\/schema.org","@graph":[{"@type":"WebPage","@id":"https:\/\/www.salmonconservation.ca\/fr\/volunteer-profile-denis-guitard\/","url":"https:\/\/www.salmonconservation.ca\/fr\/volunteer-profile-denis-guitard\/","name":"Profil d\u2019un b\u00e9n\u00e9vole - Denis Guitard - La Fondation pour la conservation du saumon atlantique","isPartOf":{"@id":"https:\/\/www.salmonconservation.ca\/fr\/#website"},"primaryImageOfPage":{"@id":"https:\/\/www.salmonconservation.ca\/fr\/volunteer-profile-denis-guitard\/#primaryimage"},"image":{"@id":"https:\/\/www.salmonconservation.ca\/volunteer-profile-denis-guitard\/#primaryimage"},"thumbnailUrl":"https:\/\/www.salmonconservation.ca\/wp-content\/uploads\/2016\/06\/denis-guitard-.jpg","datePublished":"2016-06-07T13:00:02+00:00","dateModified":"2016-08-31T14:57:48+00:00","author":{"@id":"https:\/\/www.salmonconservation.ca\/#\/schema\/person\/a875b1fa0585884262654e33deabdd36"},"breadcrumb":{"@id":"https:\/\/www.salmonconservation.ca\/fr\/volunteer-profile-denis-guitard\/#breadcrumb"},"inLanguage":"fr-FR","potentialAction":[{"@type":"ReadAction","target":[["https:\/\/www.salmonconservation.ca\/fr\/volunteer-profile-denis-guitard\/"]]}]},{"@type":"ImageObject","inLanguage":"fr-FR","@id":"https:\/\/www.salmonconservation.ca\/fr\/volunteer-profile-denis-guitard\/#primaryimage","url":"https:\/\/www.salmonconservation.ca\/wp-content\/uploads\/2016\/06\/denis-guitard-.jpg","contentUrl":"https:\/\/www.salmonconservation.ca\/wp-content\/uploads\/2016\/06\/denis-guitard-.jpg","width":474,"height":501},{"@type":"BreadcrumbList","@id":"https:\/\/www.salmonconservation.ca\/fr\/volunteer-profile-denis-guitard\/#breadcrumb","itemListElement":[{"@type":"ListItem","position":1,"name":"Home","item":"https:\/\/www.salmonconservation.ca\/fr\/"},{"@type":"ListItem","position":2,"name":"Volunteer profile \u2013 Denis Guitard"}]},{"@type":"WebSite","@id":"https:\/\/www.salmonconservation.ca\/fr\/#website","url":"https:\/\/www.salmonconservation.ca\/fr\/","name":"La Fondation pour la conservation du saumon atlantique","description":"(English) Foundation Atlantic salmon conservation","potentialAction":[{"@type":"SearchAction","target":{"@type":"EntryPoint","urlTemplate":"https:\/\/www.salmonconservation.ca\/fr\/?s={search_term_string}"},"query-input":{"@type":"PropertyValueSpecification","valueRequired":true,"valueName":"search_term_string"}}],"inLanguage":"fr-FR"},{"@type":"Person","@id":"https:\/\/www.salmonconservation.ca\/#\/schema\/person\/a875b1fa0585884262654e33deabdd36","name":"ginger_admin","image":{"@type":"ImageObject","inLanguage":"fr-FR","@id":"https:\/\/www.salmonconservation.ca\/fr\/#\/schema\/person\/image\/","url":"https:\/\/secure.gravatar.com\/avatar\/d6fc7822f71dfee632d75348413cab21ce6fbf2a4d1ea132fa4b283381e81d57?s=96&r=g","contentUrl":"https:\/\/secure.gravatar.com\/avatar\/d6fc7822f71dfee632d75348413cab21ce6fbf2a4d1ea132fa4b283381e81d57?s=96&r=g","caption":"ginger_admin"},"url":"https:\/\/www.salmonconservation.ca\/fr\/author\/ginger_admin\/"}]}},"_links":{"self":[{"href":"https:\/\/www.salmonconservation.ca\/fr\/wp-json\/wp\/v2\/posts\/278","targetHints":{"allow":["GET"]}}],"collection":[{"href":"https:\/\/www.salmonconservation.ca\/fr\/wp-json\/wp\/v2\/posts"}],"about":[{"href":"https:\/\/www.salmonconservation.ca\/fr\/wp-json\/wp\/v2\/types\/post"}],"author":[{"embeddable":true,"href":"https:\/\/www.salmonconservation.ca\/fr\/wp-json\/wp\/v2\/users\/2"}],"replies":[{"embeddable":true,"href":"https:\/\/www.salmonconservation.ca\/fr\/wp-json\/wp\/v2\/comments?post=278"}],"version-history":[{"count":0,"href":"https:\/\/www.salmonconservation.ca\/fr\/wp-json\/wp\/v2\/posts\/278\/revisions"}],"wp:featuredmedia":[{"embeddable":true,"href":"https:\/\/www.salmonconservation.ca\/fr\/wp-json\/wp\/v2\/media\/283"}],"wp:attachment":[{"href":"https:\/\/www.salmonconservation.ca\/fr\/wp-json\/wp\/v2\/media?parent=278"}],"wp:term":[{"taxonomy":"category","embeddable":true,"href":"https:\/\/www.salmonconservation.ca\/fr\/wp-json\/wp\/v2\/categories?post=278"},{"taxonomy":"post_tag","embeddable":true,"href":"https:\/\/www.salmonconservation.ca\/fr\/wp-json\/wp\/v2\/tags?post=278"}],"curies":[{"name":"wp","href":"https:\/\/api.w.org\/{rel}","templated":true}]}}