{"id":1343,"date":"2017-05-12T09:31:00","date_gmt":"2017-05-12T13:31:00","guid":{"rendered":"http:\/\/www.salmonconservation.ca\/?p=1343"},"modified":"2017-05-12T09:31:00","modified_gmt":"2017-05-12T13:31:00","slug":"lassociation-du-saumon-de-la-riviere-de-cheticamp","status":"publish","type":"post","link":"https:\/\/www.salmonconservation.ca\/fr\/lassociation-du-saumon-de-la-riviere-de-cheticamp\/","title":{"rendered":"L\u2019Association du saumon de la rivi\u00e8re de Ch\u00e9ticamp"},"content":{"rendered":"<p>Il est toujours\u00a0agr\u00e9able de pouvoir suivre une voie large et pr\u00e9cise\u00a0lorsqu\u2019on tente de se rendre \u00e0 sa destination. Ce n\u2019est pas diff\u00e9rent pour\u00a0les poissons.<\/p>\n<p><img loading=\"lazy\" decoding=\"async\" width=\"1280\" height=\"960\" class=\"alignnone size-full wp-image-1345\" src=\"http:\/\/www.salmonconservation.ca\/wp-content\/uploads\/2017\/05\/thumbnail_NS_Cheticamp_River_Salmon_Association.jpg\" alt=\"\" srcset=\"https:\/\/www.salmonconservation.ca\/wp-content\/uploads\/2017\/05\/thumbnail_NS_Cheticamp_River_Salmon_Association.jpg 1280w, https:\/\/www.salmonconservation.ca\/wp-content\/uploads\/2017\/05\/thumbnail_NS_Cheticamp_River_Salmon_Association-360x270.jpg 360w, https:\/\/www.salmonconservation.ca\/wp-content\/uploads\/2017\/05\/thumbnail_NS_Cheticamp_River_Salmon_Association-768x576.jpg 768w\" sizes=\"auto, (max-width: 1280px) 100vw, 1280px\" \/><\/p>\n<p>L\u2019Association du saumon de la rivi\u00e8re de\u00a0Ch\u00e9ticamp\u00a0(ASRC)\u00a0a travaill\u00e9 fort au cours des\u00a0r\u00e9centes ann\u00e9es pour am\u00e9liorer le passage du poisson dans la section inf\u00e9rieure de la rivi\u00e8re de\u00a0Ch\u00e9ticamp.\u00a0La rivi\u00e8re\u00a0traverse\u00a0presque enti\u00e8rement\u00a0le Parc national des Hautes Terres du Cap-Breton\u00a0et le lieu d\u2019une des deux seules remont\u00e9es\u00a0en sant\u00e9\u00a0de saumon au printemps qui restent en Nouvelle-\u00c9cosse.<\/p>\n<p>Le projet est en cours depuis plusieurs ann\u00e9es, et en 2016, la Fondation pour la conservation du saumon atlantique\u00a0y a contribu\u00e9\u00a0en accordant une subvention de 7\u202f500\u202f$ pour la Phase\u202fIII.<\/p>\n<p>Le but de la Phase\u202fIII \u00e9tait d\u2019am\u00e9liorer le passage du poisson et de r\u00e9tablir l\u2019habitat en eau douce pour le saumon atlantique. Cette phase consistait \u00e0 poursuivre les travaux de 2014 et 2015 dont le but \u00e9tait d\u2019installer des ouvrages en rivi\u00e8re \u2013 principalement des barres de d\u00e9c\u00e9l\u00e9ration en pierres \u2013 aux lieux trop\u00a0sur\u00e9largis\u00a0afin de r\u00e9tr\u00e9cir cette partie de la rivi\u00e8re et d\u2019accro\u00eetre sa profondeur.<\/p>\n<p>L\u2019ASRC s\u2019est rendu compte que les travaux de r\u00e9tablissement \u00e9taient n\u00e9cessaires, car les effets humains \u2013 y compris les travaux forestiers pr\u00e9c\u00e9dents et la mauvaise installation de ponts \u2013 ainsi que des temp\u00e9ratures d\u2019eau plus chaudes et des niveaux d\u2019eau plus bas dans le mois\u00a0crucial\u00a0de juin,\u00a0&#8211;\u00a0ont eu des effets\u00a0n\u00e9fastes sur la rivi\u00e8re.<\/p>\n<p>L\u2019\u00e9quipe\u00a0de r\u00e9tablissement de l\u2019habitat\u00a0s\u2019est fix\u00e9\u00a0trois objectifs pour les travaux de la Phase\u202fIII\u202f:<\/p>\n<ul>\n<li data-listid=\"2\" data-aria-posinset=\"1\" data-aria-level=\"1\">Am\u00e9liorer le passage du poisson dans les remont\u00e9es et les radiers\u00a0sur\u00e9largis\u00a0dans la section inf\u00e9rieure de la rivi\u00e8re de\u00a0Ch\u00e9ticamp\u00a0en installant des ouvrages\u00a0en rivi\u00e8re\u00a0selon le plan de r\u00e9tablissement;<\/li>\n<li data-listid=\"1\" data-aria-posinset=\"2\" data-aria-level=\"1\">Accro\u00eetre la productivit\u00e9 du saumon atlantique en am\u00e9liorant l\u2019habitat dans les radiers et remont\u00e9es\u00a0sur\u00e9largis\u00a0et accro\u00eetre l\u2019acc\u00e8s \u00e0 l\u2019habitat de frayage et d\u2019\u00e9levage en amont;<\/li>\n<li data-listid=\"1\" data-aria-posinset=\"3\" data-aria-level=\"1\">R\u00e9duire l\u2019\u00e9rosion des berges et l\u2019affouillement des roseaux dans la section inf\u00e9rieure de la rivi\u00e8re de\u00a0Ch\u00e9ticamp\u00a0caus\u00e9s par le gel de la rivi\u00e8re et les emb\u00e2cles qui se forment dans les sections\u00a0sur\u00e9largies.<\/li>\n<\/ul>\n<p>La Phase\u202fIII des travaux de r\u00e9tablissement de l\u2019habitat a\u00a0permis de\u00a0terminer les travaux avec succ\u00e8s \u00e0 trois sites\u202f: en bas du Cabot Trail,\u00a0au\u00a0ruisseau Robert et\u00a0au\u00a0ruisseau\u00a0Faribault. En tout, 15\u202fouvrages en rivi\u00e8re ont \u00e9t\u00e9 am\u00e9nag\u00e9s et l\u2019entretien de trois autres ouvrages a \u00e9t\u00e9 effectu\u00e9.\u00a0Les travaux en rivi\u00e8re se sont traduits par environ 2\u202f500\u202fm (75\u202f000\u202fm<span data-fontsize=\"12\">2<\/span>) d\u2019habitat plus accessible et\u00a0environ 1\u202f300 m\u00e8tres (longueur)\u00a0et\u00a045\u202f000\u202fm<span data-fontsize=\"12\">2<\/span><span data-fontsize=\"12\">\u00a0<\/span>(superficie)\u00a0d\u2019habitat r\u00e9tabli.<\/p>\n<p>L\u2019ASRC souligne que m\u00eame si ces r\u00e9cents travaux ne\u00a0r\u00e9tabliront\u00a0pas la rivi\u00e8re de\u00a0Ch\u00e9ticamp\u00a0enti\u00e8rement \u00e0 son \u00e9tat avant l\u2019impact, ils am\u00e9lioreront les conditions et augmenteront l\u2019acc\u00e8s \u00e0 un important habitat de frayage et d\u2019\u00e9levage.<\/p>\n<p>M\u00eame si le projet\u00a0\u00e9tait au d\u00e9but\u00a0un projet de trois ans, l\u2019ASRC envisage au moins une quatri\u00e8me ann\u00e9e pour les travaux de\u00a0r\u00e9tablissement,\u00a0et\u00a0elle\u00a0poursuivra les activit\u00e9s de\u00a0surveillance\u00a0et possiblement d\u2019entretien des ouvrages.<\/p>\n<p>&nbsp;<\/p>","protected":false},"excerpt":{"rendered":"Il est toujours agr\u00e9able de pouvoir suivre une voie large et pr\u00e9cise lorsqu\u2019on tente de se rendre \u00e0 sa destination. Ce n\u2019est pas diff\u00e9rent pour les poissons.","protected":false},"author":4,"featured_media":1345,"comment_status":"open","ping_status":"open","sticky":false,"template":"","format":"standard","meta":{"_acf_changed":false,"_monsterinsights_skip_tracking":false,"_monsterinsights_sitenote_active":false,"_monsterinsights_sitenote_note":"","_monsterinsights_sitenote_category":0,"footnotes":"","_links_to":"","_links_to_target":""},"categories":[1],"tags":[],"class_list":["post-1343","post","type-post","status-publish","format-standard","has-post-thumbnail","hentry","category-uncategorized"],"acf":[],"yoast_head":"<!-- This site is optimized with the Yoast SEO plugin v26.4 - https:\/\/yoast.com\/wordpress\/plugins\/seo\/ -->\n<title>L\u2019Association du saumon de la rivi\u00e8re de Ch\u00e9ticamp - La Fondation pour la conservation du saumon atlantique<\/title>\n<meta name=\"robots\" content=\"index, follow, max-snippet:-1, max-image-preview:large, max-video-preview:-1\" \/>\n<link rel=\"canonical\" href=\"https:\/\/www.salmonconservation.ca\/fr\/lassociation-du-saumon-de-la-riviere-de-cheticamp\/\" \/>\n<meta property=\"og:locale\" content=\"fr_FR\" \/>\n<meta property=\"og:type\" content=\"article\" \/>\n<meta property=\"og:title\" content=\"L\u2019Association du saumon de la rivi\u00e8re de Ch\u00e9ticamp - La Fondation pour la conservation du saumon atlantique\" \/>\n<meta property=\"og:description\" content=\"Il est toujours agr\u00e9able de pouvoir suivre une voie large et pr\u00e9cise lorsqu\u2019on tente de se rendre \u00e0 sa destination. Ce n\u2019est pas diff\u00e9rent pour les poissons.\" \/>\n<meta property=\"og:url\" content=\"https:\/\/www.salmonconservation.ca\/fr\/lassociation-du-saumon-de-la-riviere-de-cheticamp\/\" \/>\n<meta property=\"og:site_name\" content=\"La Fondation pour la conservation du saumon atlantique\" \/>\n<meta property=\"article:publisher\" content=\"https:\/\/www.facebook.com\/Atlantic-Salmon-Conservation-Foundation-121337474583089\/?fref=ts\" \/>\n<meta property=\"article:published_time\" content=\"2017-05-12T13:31:00+00:00\" \/>\n<meta property=\"og:image\" content=\"https:\/\/www.salmonconservation.ca\/wp-content\/uploads\/2017\/05\/thumbnail_NS_Cheticamp_River_Salmon_Association.jpg\" \/>\n\t<meta property=\"og:image:width\" content=\"1280\" \/>\n\t<meta property=\"og:image:height\" content=\"960\" \/>\n\t<meta property=\"og:image:type\" content=\"image\/jpeg\" \/>\n<meta name=\"author\" content=\"Gert\" \/>\n<meta name=\"twitter:card\" content=\"summary_large_image\" \/>\n<meta name=\"twitter:label1\" content=\"\u00c9crit par\" \/>\n\t<meta name=\"twitter:data1\" content=\"Gert\" \/>\n\t<meta name=\"twitter:label2\" content=\"Dur\u00e9e de lecture estim\u00e9e\" \/>\n\t<meta name=\"twitter:data2\" content=\"5 minutes\" \/>\n<script type=\"application\/ld+json\" class=\"yoast-schema-graph\">{\"@context\":\"https:\/\/schema.org\",\"@graph\":[{\"@type\":\"WebPage\",\"@id\":\"https:\/\/www.salmonconservation.ca\/fr\/lassociation-du-saumon-de-la-riviere-de-cheticamp\/\",\"url\":\"https:\/\/www.salmonconservation.ca\/fr\/lassociation-du-saumon-de-la-riviere-de-cheticamp\/\",\"name\":\"L\u2019Association du saumon de la rivi\u00e8re de Ch\u00e9ticamp - La Fondation pour la conservation du saumon atlantique\",\"isPartOf\":{\"@id\":\"https:\/\/www.salmonconservation.ca\/fr\/#website\"},\"primaryImageOfPage\":{\"@id\":\"https:\/\/www.salmonconservation.ca\/fr\/lassociation-du-saumon-de-la-riviere-de-cheticamp\/#primaryimage\"},\"image\":{\"@id\":\"https:\/\/www.salmonconservation.ca\/fr\/lassociation-du-saumon-de-la-riviere-de-cheticamp\/#primaryimage\"},\"thumbnailUrl\":\"https:\/\/www.salmonconservation.ca\/wp-content\/uploads\/2017\/05\/thumbnail_NS_Cheticamp_River_Salmon_Association.jpg\",\"datePublished\":\"2017-05-12T13:31:00+00:00\",\"author\":{\"@id\":\"https:\/\/www.salmonconservation.ca\/#\/schema\/person\/e2172282f483177e3afe778a9fe8982e\"},\"breadcrumb\":{\"@id\":\"https:\/\/www.salmonconservation.ca\/fr\/lassociation-du-saumon-de-la-riviere-de-cheticamp\/#breadcrumb\"},\"inLanguage\":\"fr-FR\",\"potentialAction\":[{\"@type\":\"ReadAction\",\"target\":[[\"https:\/\/www.salmonconservation.ca\/fr\/lassociation-du-saumon-de-la-riviere-de-cheticamp\/\"]]}]},{\"@type\":\"ImageObject\",\"inLanguage\":\"fr-FR\",\"@id\":\"https:\/\/www.salmonconservation.ca\/fr\/lassociation-du-saumon-de-la-riviere-de-cheticamp\/#primaryimage\",\"url\":\"https:\/\/www.salmonconservation.ca\/wp-content\/uploads\/2017\/05\/thumbnail_NS_Cheticamp_River_Salmon_Association.jpg\",\"contentUrl\":\"https:\/\/www.salmonconservation.ca\/wp-content\/uploads\/2017\/05\/thumbnail_NS_Cheticamp_River_Salmon_Association.jpg\",\"width\":1280,\"height\":960},{\"@type\":\"BreadcrumbList\",\"@id\":\"https:\/\/www.salmonconservation.ca\/fr\/lassociation-du-saumon-de-la-riviere-de-cheticamp\/#breadcrumb\",\"itemListElement\":[{\"@type\":\"ListItem\",\"position\":1,\"name\":\"Home\",\"item\":\"https:\/\/www.salmonconservation.ca\/fr\/\"},{\"@type\":\"ListItem\",\"position\":2,\"name\":\"L\u2019Association du saumon de la rivi\u00e8re de Ch\u00e9ticamp\"}]},{\"@type\":\"WebSite\",\"@id\":\"https:\/\/www.salmonconservation.ca\/fr\/#website\",\"url\":\"https:\/\/www.salmonconservation.ca\/fr\/\",\"name\":\"La Fondation pour la conservation du saumon atlantique\",\"description\":\"(English) Foundation Atlantic salmon conservation\",\"potentialAction\":[{\"@type\":\"SearchAction\",\"target\":{\"@type\":\"EntryPoint\",\"urlTemplate\":\"https:\/\/www.salmonconservation.ca\/fr\/?s={search_term_string}\"},\"query-input\":{\"@type\":\"PropertyValueSpecification\",\"valueRequired\":true,\"valueName\":\"search_term_string\"}}],\"inLanguage\":\"fr-FR\"},{\"@type\":\"Person\",\"@id\":\"https:\/\/www.salmonconservation.ca\/#\/schema\/person\/e2172282f483177e3afe778a9fe8982e\",\"name\":\"Gert\",\"image\":{\"@type\":\"ImageObject\",\"inLanguage\":\"fr-FR\",\"@id\":\"https:\/\/www.salmonconservation.ca\/fr\/#\/schema\/person\/image\/\",\"url\":\"https:\/\/secure.gravatar.com\/avatar\/05006a3c87e5ce4275f4da82e29053d981880203780ac2f43baf0200b74dc9a0?s=96&r=g\",\"contentUrl\":\"https:\/\/secure.gravatar.com\/avatar\/05006a3c87e5ce4275f4da82e29053d981880203780ac2f43baf0200b74dc9a0?s=96&r=g\",\"caption\":\"Gert\"},\"url\":\"https:\/\/www.salmonconservation.ca\/fr\/author\/ascf_admin\/\"}]}<\/script>\n<!-- \/ Yoast SEO plugin. -->","yoast_head_json":{"title":"L\u2019Association du saumon de la rivi\u00e8re de Ch\u00e9ticamp - La Fondation pour la conservation du saumon atlantique","robots":{"index":"index","follow":"follow","max-snippet":"max-snippet:-1","max-image-preview":"max-image-preview:large","max-video-preview":"max-video-preview:-1"},"canonical":"https:\/\/www.salmonconservation.ca\/fr\/lassociation-du-saumon-de-la-riviere-de-cheticamp\/","og_locale":"fr_FR","og_type":"article","og_title":"L\u2019Association du saumon de la rivi\u00e8re de Ch\u00e9ticamp - La Fondation pour la conservation du saumon atlantique","og_description":"Il est toujours agr\u00e9able de pouvoir suivre une voie large et pr\u00e9cise lorsqu\u2019on tente de se rendre \u00e0 sa destination. Ce n\u2019est pas diff\u00e9rent pour les poissons.","og_url":"https:\/\/www.salmonconservation.ca\/fr\/lassociation-du-saumon-de-la-riviere-de-cheticamp\/","og_site_name":"La Fondation pour la conservation du saumon atlantique","article_publisher":"https:\/\/www.facebook.com\/Atlantic-Salmon-Conservation-Foundation-121337474583089\/?fref=ts","article_published_time":"2017-05-12T13:31:00+00:00","og_image":[{"width":1280,"height":960,"url":"https:\/\/www.salmonconservation.ca\/wp-content\/uploads\/2017\/05\/thumbnail_NS_Cheticamp_River_Salmon_Association.jpg","type":"image\/jpeg"}],"author":"Gert","twitter_card":"summary_large_image","twitter_misc":{"\u00c9crit par":"Gert","Dur\u00e9e de lecture estim\u00e9e":"5 minutes"},"schema":{"@context":"https:\/\/schema.org","@graph":[{"@type":"WebPage","@id":"https:\/\/www.salmonconservation.ca\/fr\/lassociation-du-saumon-de-la-riviere-de-cheticamp\/","url":"https:\/\/www.salmonconservation.ca\/fr\/lassociation-du-saumon-de-la-riviere-de-cheticamp\/","name":"L\u2019Association du saumon de la rivi\u00e8re de Ch\u00e9ticamp - La Fondation pour la conservation du saumon atlantique","isPartOf":{"@id":"https:\/\/www.salmonconservation.ca\/fr\/#website"},"primaryImageOfPage":{"@id":"https:\/\/www.salmonconservation.ca\/fr\/lassociation-du-saumon-de-la-riviere-de-cheticamp\/#primaryimage"},"image":{"@id":"https:\/\/www.salmonconservation.ca\/fr\/lassociation-du-saumon-de-la-riviere-de-cheticamp\/#primaryimage"},"thumbnailUrl":"https:\/\/www.salmonconservation.ca\/wp-content\/uploads\/2017\/05\/thumbnail_NS_Cheticamp_River_Salmon_Association.jpg","datePublished":"2017-05-12T13:31:00+00:00","author":{"@id":"https:\/\/www.salmonconservation.ca\/#\/schema\/person\/e2172282f483177e3afe778a9fe8982e"},"breadcrumb":{"@id":"https:\/\/www.salmonconservation.ca\/fr\/lassociation-du-saumon-de-la-riviere-de-cheticamp\/#breadcrumb"},"inLanguage":"fr-FR","potentialAction":[{"@type":"ReadAction","target":[["https:\/\/www.salmonconservation.ca\/fr\/lassociation-du-saumon-de-la-riviere-de-cheticamp\/"]]}]},{"@type":"ImageObject","inLanguage":"fr-FR","@id":"https:\/\/www.salmonconservation.ca\/fr\/lassociation-du-saumon-de-la-riviere-de-cheticamp\/#primaryimage","url":"https:\/\/www.salmonconservation.ca\/wp-content\/uploads\/2017\/05\/thumbnail_NS_Cheticamp_River_Salmon_Association.jpg","contentUrl":"https:\/\/www.salmonconservation.ca\/wp-content\/uploads\/2017\/05\/thumbnail_NS_Cheticamp_River_Salmon_Association.jpg","width":1280,"height":960},{"@type":"BreadcrumbList","@id":"https:\/\/www.salmonconservation.ca\/fr\/lassociation-du-saumon-de-la-riviere-de-cheticamp\/#breadcrumb","itemListElement":[{"@type":"ListItem","position":1,"name":"Home","item":"https:\/\/www.salmonconservation.ca\/fr\/"},{"@type":"ListItem","position":2,"name":"L\u2019Association du saumon de la rivi\u00e8re de Ch\u00e9ticamp"}]},{"@type":"WebSite","@id":"https:\/\/www.salmonconservation.ca\/fr\/#website","url":"https:\/\/www.salmonconservation.ca\/fr\/","name":"La Fondation pour la conservation du saumon atlantique","description":"(English) Foundation Atlantic salmon conservation","potentialAction":[{"@type":"SearchAction","target":{"@type":"EntryPoint","urlTemplate":"https:\/\/www.salmonconservation.ca\/fr\/?s={search_term_string}"},"query-input":{"@type":"PropertyValueSpecification","valueRequired":true,"valueName":"search_term_string"}}],"inLanguage":"fr-FR"},{"@type":"Person","@id":"https:\/\/www.salmonconservation.ca\/#\/schema\/person\/e2172282f483177e3afe778a9fe8982e","name":"Gert","image":{"@type":"ImageObject","inLanguage":"fr-FR","@id":"https:\/\/www.salmonconservation.ca\/fr\/#\/schema\/person\/image\/","url":"https:\/\/secure.gravatar.com\/avatar\/05006a3c87e5ce4275f4da82e29053d981880203780ac2f43baf0200b74dc9a0?s=96&r=g","contentUrl":"https:\/\/secure.gravatar.com\/avatar\/05006a3c87e5ce4275f4da82e29053d981880203780ac2f43baf0200b74dc9a0?s=96&r=g","caption":"Gert"},"url":"https:\/\/www.salmonconservation.ca\/fr\/author\/ascf_admin\/"}]}},"_links":{"self":[{"href":"https:\/\/www.salmonconservation.ca\/fr\/wp-json\/wp\/v2\/posts\/1343","targetHints":{"allow":["GET"]}}],"collection":[{"href":"https:\/\/www.salmonconservation.ca\/fr\/wp-json\/wp\/v2\/posts"}],"about":[{"href":"https:\/\/www.salmonconservation.ca\/fr\/wp-json\/wp\/v2\/types\/post"}],"author":[{"embeddable":true,"href":"https:\/\/www.salmonconservation.ca\/fr\/wp-json\/wp\/v2\/users\/4"}],"replies":[{"embeddable":true,"href":"https:\/\/www.salmonconservation.ca\/fr\/wp-json\/wp\/v2\/comments?post=1343"}],"version-history":[{"count":0,"href":"https:\/\/www.salmonconservation.ca\/fr\/wp-json\/wp\/v2\/posts\/1343\/revisions"}],"wp:featuredmedia":[{"embeddable":true,"href":"https:\/\/www.salmonconservation.ca\/fr\/wp-json\/wp\/v2\/media\/1345"}],"wp:attachment":[{"href":"https:\/\/www.salmonconservation.ca\/fr\/wp-json\/wp\/v2\/media?parent=1343"}],"wp:term":[{"taxonomy":"category","embeddable":true,"href":"https:\/\/www.salmonconservation.ca\/fr\/wp-json\/wp\/v2\/categories?post=1343"},{"taxonomy":"post_tag","embeddable":true,"href":"https:\/\/www.salmonconservation.ca\/fr\/wp-json\/wp\/v2\/tags?post=1343"}],"curies":[{"name":"wp","href":"https:\/\/api.w.org\/{rel}","templated":true}]}}